{"id":449,"date":"2021-08-23T10:38:29","date_gmt":"2021-08-23T13:38:29","guid":{"rendered":"https:\/\/www.colegiomaximo.com.br\/blog\/?p=449"},"modified":"2021-08-23T11:58:34","modified_gmt":"2021-08-23T14:58:34","slug":"retorno-as-aulas","status":"publish","type":"post","link":"https:\/\/www.colegiomaximo.com.br\/blog\/?p=449","title":{"rendered":"Retorno  \u00e0s aulas"},"content":{"rendered":"\n<p>Ap\u00f3s passarmos por um longo per\u00edodo de incertezas, por conta da pandemia da Covid-19, foram necess\u00e1rias mudan\u00e7as repentinas em todos os \u00e2mbitos da nossa vida. Na educa\u00e7\u00e3o, essa mudan\u00e7a veio de forma \u201cradical\u201d, foi preciso alterar o modelo de aula com o qual j\u00e1 est\u00e1vamos habituados para o formato digital.<\/p>\n\n\n\n<p>&nbsp;&nbsp;&nbsp;&nbsp;&nbsp;&nbsp;&nbsp;&nbsp;&nbsp;&nbsp;&nbsp;&nbsp;&nbsp;&nbsp;&nbsp; Atualmente, temos em vista um cen\u00e1rio mais otimista! Com a chegada das vacinas, o retorno das aulas presenciais j\u00e1 \u00e9 uma realidade, mas isto n\u00e3o significa que n\u00e3o precisamos ter cautela, ainda sim, precisamos seguir \u00e0 risca os protocolos para o retorno das atividades presenciais.<\/p>\n\n\n\n<p>Separamos, a seguir, algumas das medidas e cuidados que todos devemos ter para a volta das aulas:<\/p>\n\n\n\n<ol type=\"1\"><li>Sempre usar m\u00e1scaras e de forma correta, cobrindo o nariz e a boca.<\/li><li>Lavar frequentemente as m\u00e3os com \u00e1gua e sab\u00e3o ou, quando n\u00e3o for poss\u00edvel, usar \u00e1lcool em gel 70%.<\/li><li>Quando tossir ou espirrar, cobrir o nariz e a boca.<\/li><li>Respeitar o distanciamento de, no m\u00ednimo, um metro.<\/li><li>N\u00e3o compartilhar objetos de uso pessoal.<\/li><li>N\u00e3o cumprimentar com apertos de m\u00e3os, beijos e abra\u00e7os.<\/li><\/ol>\n\n\n\n<p>Ficaremos muito felizes em receber os alunos de volta ao formato presencial, por isso, j\u00e1 estamos cuidando para que todas as medidas sejam tomadas, a fim de que este retorno aconte\u00e7a de forma tranquila e segura para todos.<\/p>\n","protected":false},"excerpt":{"rendered":"<p>Ap\u00f3s passarmos por um longo per\u00edodo de incertezas, por conta da pandemia da Covid-19, foram necess\u00e1rias mudan\u00e7as repentinas em todos<\/p>\n","protected":false},"author":1,"featured_media":450,"comment_status":"open","ping_status":"open","sticky":false,"template":"","format":"standard","meta":[],"categories":[1],"tags":[],"_links":{"self":[{"href":"https:\/\/www.colegiomaximo.com.br\/blog\/index.php?rest_route=\/wp\/v2\/posts\/449"}],"collection":[{"href":"https:\/\/www.colegiomaximo.com.br\/blog\/index.php?rest_route=\/wp\/v2\/posts"}],"about":[{"href":"https:\/\/www.colegiomaximo.com.br\/blog\/index.php?rest_route=\/wp\/v2\/types\/post"}],"author":[{"embeddable":true,"href":"https:\/\/www.colegiomaximo.com.br\/blog\/index.php?rest_route=\/wp\/v2\/users\/1"}],"replies":[{"embeddable":true,"href":"https:\/\/www.colegiomaximo.com.br\/blog\/index.php?rest_route=%2Fwp%2Fv2%2Fcomments&post=449"}],"version-history":[{"count":2,"href":"https:\/\/www.colegiomaximo.com.br\/blog\/index.php?rest_route=\/wp\/v2\/posts\/449\/revisions"}],"predecessor-version":[{"id":452,"href":"https:\/\/www.colegiomaximo.com.br\/blog\/index.php?rest_route=\/wp\/v2\/posts\/449\/revisions\/452"}],"wp:featuredmedia":[{"embeddable":true,"href":"https:\/\/www.colegiomaximo.com.br\/blog\/index.php?rest_route=\/wp\/v2\/media\/450"}],"wp:attachment":[{"href":"https:\/\/www.colegiomaximo.com.br\/blog\/index.php?rest_route=%2Fwp%2Fv2%2Fmedia&parent=449"}],"wp:term":[{"taxonomy":"category","embeddable":true,"href":"https:\/\/www.colegiomaximo.com.br\/blog\/index.php?rest_route=%2Fwp%2Fv2%2Fcategories&post=449"},{"taxonomy":"post_tag","embeddable":true,"href":"https:\/\/www.colegiomaximo.com.br\/blog\/index.php?rest_route=%2Fwp%2Fv2%2Ftags&post=449"}],"curies":[{"name":"wp","href":"https:\/\/api.w.org\/{rel}","templated":true}]}}